{"id":67,"date":"2005-05-06T12:20:19","date_gmt":"2005-05-06T12:20:19","guid":{"rendered":"http:\/\/elsobrinodeldiablo.com\/iris\/?p=67"},"modified":"2005-05-06T12:20:19","modified_gmt":"2005-05-06T12:20:19","slug":"fiesta-de-cumpleanos-a-laranyeta-xica","status":"publish","type":"post","link":"https:\/\/www.laproduktiva.com\/iris\/fiesta-de-cumpleanos-a-laranyeta-xica","title":{"rendered":"Fiesta de cumplea\u00f1os a L\u00b4Aranyeta Xica"},"content":{"rendered":"<p>Como el domingo es mi cumplea\u00f1os, hemos adelantado la celebraci\u00f3n en el cole. Me han puesto una supermega-corona que  N\u00faria y  Marta han decorado y  han preparado un pastel para celebrar con los amigos de clase que cumplo 2 a\u00f1itos. Qu\u00e9 bien lo hemos pasado y ha habido regalo para todos (un cuento con su cinta correspondiente).<\/p>\n<p><img loading=\"lazy\" decoding=\"async\" src=\"http:\/\/www.elsobrinodeldiablo.com\/iris\/archives\/img 002.jpg\" width=\"400\" height=\"300\" border=\"1\" \/><\/p>\n<p><img loading=\"lazy\" decoding=\"async\" src=\"http:\/\/www.elsobrinodeldiablo.com\/iris\/archives\/img 004a.jpg\" width=\"400\" height=\"300\" border=\"1\" \/><\/p>\n","protected":false},"excerpt":{"rendered":"<p>Como el domingo es mi cumplea\u00f1os, hemos adelantado la celebraci\u00f3n en el cole. Me han puesto una supermega-corona que N\u00faria y Marta han decorado y han preparado un pastel para celebrar con los amigos de clase que cumplo 2 a\u00f1itos. Qu\u00e9 bien lo hemos pasado y ha habido regalo para todos (un cuento con su [&hellip;]<\/p>\n","protected":false},"author":1,"featured_media":0,"comment_status":"open","ping_status":"closed","sticky":false,"template":"","format":"standard","meta":{"footnotes":""},"categories":[3,4],"tags":[],"class_list":["post-67","post","type-post","status-publish","format-standard","hentry","category-celebraciones","category-colegio"],"_links":{"self":[{"href":"https:\/\/www.laproduktiva.com\/iris\/wp-json\/wp\/v2\/posts\/67","targetHints":{"allow":["GET"]}}],"collection":[{"href":"https:\/\/www.laproduktiva.com\/iris\/wp-json\/wp\/v2\/posts"}],"about":[{"href":"https:\/\/www.laproduktiva.com\/iris\/wp-json\/wp\/v2\/types\/post"}],"author":[{"embeddable":true,"href":"https:\/\/www.laproduktiva.com\/iris\/wp-json\/wp\/v2\/users\/1"}],"replies":[{"embeddable":true,"href":"https:\/\/www.laproduktiva.com\/iris\/wp-json\/wp\/v2\/comments?post=67"}],"version-history":[{"count":0,"href":"https:\/\/www.laproduktiva.com\/iris\/wp-json\/wp\/v2\/posts\/67\/revisions"}],"wp:attachment":[{"href":"https:\/\/www.laproduktiva.com\/iris\/wp-json\/wp\/v2\/media?parent=67"}],"wp:term":[{"taxonomy":"category","embeddable":true,"href":"https:\/\/www.laproduktiva.com\/iris\/wp-json\/wp\/v2\/categories?post=67"},{"taxonomy":"post_tag","embeddable":true,"href":"https:\/\/www.laproduktiva.com\/iris\/wp-json\/wp\/v2\/tags?post=67"}],"curies":[{"name":"wp","href":"https:\/\/api.w.org\/{rel}","templated":true}]}}