{"id":66,"date":"2005-04-28T12:42:32","date_gmt":"2005-04-28T12:42:32","guid":{"rendered":"http:\/\/elsobrinodeldiablo.com\/iris\/?p=66"},"modified":"2005-04-28T12:42:32","modified_gmt":"2005-04-28T12:42:32","slug":"especialidades-de-la-nina","status":"publish","type":"post","link":"https:\/\/www.laproduktiva.com\/iris\/especialidades-de-la-nina","title":{"rendered":"Especialidades de la ni\u00f1a"},"content":{"rendered":"<p>Llevo un tiempo enganchada a los m\u00f3viles, hablo casi todos los d\u00edas con la Sara, la N\u00faria, los iaios, mi pap\u00e1,&#8230; y mantengo una largas conversaciones sin interlocutor, no lo necesito, es m\u00e1s a veces ni necesito el m\u00f3vil&#8230;<br \/>\nTambien me estoy especializando en poner cara de enfadada, siempre que la risa me lo permite, claro.<br \/>\nAhhh, por cierto, cuando intento hacer algo y no me sale suelo entonar un !!!CO-LI-NES\u00a1\u00a1\u00a1 que a mi mam\u00e1 no le gusta y que le hace recordar que ha de moderar su lenguaje cuando se enoja.<\/p>\n<p><img loading=\"lazy\" decoding=\"async\" src=\"http:\/\/www.elsobrinodeldiablo.com\/iris\/archives\/irisblog 008.jpg\" width=\"400\" height=\"533\" border=\"1\" \/><\/p>\n<p><img loading=\"lazy\" decoding=\"async\" src=\"http:\/\/www.elsobrinodeldiablo.com\/iris\/archives\/irisblog 007.jpg\" width=\"400\" height=\"374\" border=\"1\" \/><\/p>\n","protected":false},"excerpt":{"rendered":"<p>Llevo un tiempo enganchada a los m\u00f3viles, hablo casi todos los d\u00edas con la Sara, la N\u00faria, los iaios, mi pap\u00e1,&#8230; y mantengo una largas conversaciones sin interlocutor, no lo necesito, es m\u00e1s a veces ni necesito el m\u00f3vil&#8230; Tambien me estoy especializando en poner cara de enfadada, siempre que la risa me lo permite, [&hellip;]<\/p>\n","protected":false},"author":1,"featured_media":0,"comment_status":"open","ping_status":"closed","sticky":false,"template":"","format":"standard","meta":{"footnotes":""},"categories":[11],"tags":[],"class_list":["post-66","post","type-post","status-publish","format-standard","hentry","category-varios"],"_links":{"self":[{"href":"https:\/\/www.laproduktiva.com\/iris\/wp-json\/wp\/v2\/posts\/66","targetHints":{"allow":["GET"]}}],"collection":[{"href":"https:\/\/www.laproduktiva.com\/iris\/wp-json\/wp\/v2\/posts"}],"about":[{"href":"https:\/\/www.laproduktiva.com\/iris\/wp-json\/wp\/v2\/types\/post"}],"author":[{"embeddable":true,"href":"https:\/\/www.laproduktiva.com\/iris\/wp-json\/wp\/v2\/users\/1"}],"replies":[{"embeddable":true,"href":"https:\/\/www.laproduktiva.com\/iris\/wp-json\/wp\/v2\/comments?post=66"}],"version-history":[{"count":0,"href":"https:\/\/www.laproduktiva.com\/iris\/wp-json\/wp\/v2\/posts\/66\/revisions"}],"wp:attachment":[{"href":"https:\/\/www.laproduktiva.com\/iris\/wp-json\/wp\/v2\/media?parent=66"}],"wp:term":[{"taxonomy":"category","embeddable":true,"href":"https:\/\/www.laproduktiva.com\/iris\/wp-json\/wp\/v2\/categories?post=66"},{"taxonomy":"post_tag","embeddable":true,"href":"https:\/\/www.laproduktiva.com\/iris\/wp-json\/wp\/v2\/tags?post=66"}],"curies":[{"name":"wp","href":"https:\/\/api.w.org\/{rel}","templated":true}]}}