{"id":56,"date":"2005-01-05T13:03:43","date_gmt":"2005-01-05T13:03:43","guid":{"rendered":"http:\/\/elsobrinodeldiablo.com\/iris\/?p=56"},"modified":"2005-01-05T13:03:43","modified_gmt":"2005-01-05T13:03:43","slug":"ya-vienen-los-reyes","status":"publish","type":"post","link":"https:\/\/www.laproduktiva.com\/iris\/ya-vienen-los-reyes","title":{"rendered":"Ya vienen los Reyes&#8230;"},"content":{"rendered":"<p><img loading=\"lazy\" decoding=\"async\" src=\"http:\/\/www.elsobrinodeldiablo.com\/iris\/archives\/copiafoto 038.jpg\" width=\"400\" height=\"300\" border=\"1\" \/><\/p>\n<p><img loading=\"lazy\" decoding=\"async\" src=\"http:\/\/www.elsobrinodeldiablo.com\/iris\/archives\/copiafoto 043.jpg\" width=\"400\" height=\"300\" border=\"1\" \/><\/p>\n<p>Hoy he visto la cabalgata de los Reyes Magos de Cerdanyola con mis tiets, mis primas, mis yayos y mis pap\u00e1s (hasta mi mam\u00e1 cerr\u00f3 unos minutos la tienda y dej\u00f3 a las clientas esperando en la puerta para vivir este instante conmigo). Me lo he pasado en grande viendo el colorido, las luces, la m\u00fasica y c\u00f3mo todos luchaban por esquivar y  recoger caramelos.<br \/>\n\u00a1Que esta noche se cumplan las ilusiones de todo el mundo!<\/p>\n","protected":false},"excerpt":{"rendered":"<p>Hoy he visto la cabalgata de los Reyes Magos de Cerdanyola con mis tiets, mis primas, mis yayos y mis pap\u00e1s (hasta mi mam\u00e1 cerr\u00f3 unos minutos la tienda y dej\u00f3 a las clientas esperando en la puerta para vivir este instante conmigo). Me lo he pasado en grande viendo el colorido, las luces, la [&hellip;]<\/p>\n","protected":false},"author":1,"featured_media":0,"comment_status":"closed","ping_status":"closed","sticky":false,"template":"","format":"standard","meta":{"footnotes":""},"categories":[3],"tags":[],"class_list":["post-56","post","type-post","status-publish","format-standard","hentry","category-celebraciones"],"_links":{"self":[{"href":"https:\/\/www.laproduktiva.com\/iris\/wp-json\/wp\/v2\/posts\/56","targetHints":{"allow":["GET"]}}],"collection":[{"href":"https:\/\/www.laproduktiva.com\/iris\/wp-json\/wp\/v2\/posts"}],"about":[{"href":"https:\/\/www.laproduktiva.com\/iris\/wp-json\/wp\/v2\/types\/post"}],"author":[{"embeddable":true,"href":"https:\/\/www.laproduktiva.com\/iris\/wp-json\/wp\/v2\/users\/1"}],"replies":[{"embeddable":true,"href":"https:\/\/www.laproduktiva.com\/iris\/wp-json\/wp\/v2\/comments?post=56"}],"version-history":[{"count":0,"href":"https:\/\/www.laproduktiva.com\/iris\/wp-json\/wp\/v2\/posts\/56\/revisions"}],"wp:attachment":[{"href":"https:\/\/www.laproduktiva.com\/iris\/wp-json\/wp\/v2\/media?parent=56"}],"wp:term":[{"taxonomy":"category","embeddable":true,"href":"https:\/\/www.laproduktiva.com\/iris\/wp-json\/wp\/v2\/categories?post=56"},{"taxonomy":"post_tag","embeddable":true,"href":"https:\/\/www.laproduktiva.com\/iris\/wp-json\/wp\/v2\/tags?post=56"}],"curies":[{"name":"wp","href":"https:\/\/api.w.org\/{rel}","templated":true}]}}