{"id":55,"date":"2005-01-02T12:37:08","date_gmt":"2005-01-02T12:37:08","guid":{"rendered":"http:\/\/elsobrinodeldiablo.com\/iris\/?p=55"},"modified":"2005-01-02T12:37:08","modified_gmt":"2005-01-02T12:37:08","slug":"preparando-la-llegada-de-los-reyes-magos","status":"publish","type":"post","link":"https:\/\/www.laproduktiva.com\/iris\/preparando-la-llegada-de-los-reyes-magos","title":{"rendered":"Preparando la llegada de los Reyes Magos"},"content":{"rendered":"<p><img loading=\"lazy\" decoding=\"async\" src=\"http:\/\/www.elsobrinodeldiablo.com\/iris\/archives\/copiafoto 033.jpg\" width=\"400\" height=\"300\" border=\"1\" \/><\/p>\n<p><img loading=\"lazy\" decoding=\"async\" src=\"http:\/\/www.elsobrinodeldiablo.com\/iris\/archives\/copiafoto 028.jpg\" width=\"400\" height=\"300\" border=\"1\" \/><\/p>\n<p><img loading=\"lazy\" decoding=\"async\" src=\"http:\/\/www.elsobrinodeldiablo.com\/iris\/archives\/copiafoto 032.jpg\" width=\"400\" height=\"300\" border=\"1\" \/><\/p>\n<p>Con la ayuda de mis pap\u00e1s he preparado la carta de los Reyes Magos que, igual que Pap\u00e1 Noel,  tambi\u00e9n traen regalos para todos. La carta ha quedado muy guapa, parece un collage, pero en la foto estoy un poco triste porque yo hubiera querido poner muchas m\u00e1s cosas&#8230;<br \/>\nCuando estuvo acabada se la llevamos a los Reyes que vinieron por el barrio para recogerlas. Sub\u00ed a entreg\u00e1rsela y me port\u00e9 muy bien hasta que intentaron cogerme en brazos para que me hicieran la foto, entonces empec\u00e9 a llorar un poquito. Se me pas\u00f3 r\u00e1pido al ver la bolsa de gominolas que me dieron los Reyes Magos .<\/p>\n","protected":false},"excerpt":{"rendered":"<p>Con la ayuda de mis pap\u00e1s he preparado la carta de los Reyes Magos que, igual que Pap\u00e1 Noel, tambi\u00e9n traen regalos para todos. La carta ha quedado muy guapa, parece un collage, pero en la foto estoy un poco triste porque yo hubiera querido poner muchas m\u00e1s cosas&#8230; Cuando estuvo acabada se la llevamos [&hellip;]<\/p>\n","protected":false},"author":1,"featured_media":0,"comment_status":"open","ping_status":"closed","sticky":false,"template":"","format":"standard","meta":{"footnotes":""},"categories":[3],"tags":[],"class_list":["post-55","post","type-post","status-publish","format-standard","hentry","category-celebraciones"],"_links":{"self":[{"href":"https:\/\/www.laproduktiva.com\/iris\/wp-json\/wp\/v2\/posts\/55","targetHints":{"allow":["GET"]}}],"collection":[{"href":"https:\/\/www.laproduktiva.com\/iris\/wp-json\/wp\/v2\/posts"}],"about":[{"href":"https:\/\/www.laproduktiva.com\/iris\/wp-json\/wp\/v2\/types\/post"}],"author":[{"embeddable":true,"href":"https:\/\/www.laproduktiva.com\/iris\/wp-json\/wp\/v2\/users\/1"}],"replies":[{"embeddable":true,"href":"https:\/\/www.laproduktiva.com\/iris\/wp-json\/wp\/v2\/comments?post=55"}],"version-history":[{"count":0,"href":"https:\/\/www.laproduktiva.com\/iris\/wp-json\/wp\/v2\/posts\/55\/revisions"}],"wp:attachment":[{"href":"https:\/\/www.laproduktiva.com\/iris\/wp-json\/wp\/v2\/media?parent=55"}],"wp:term":[{"taxonomy":"category","embeddable":true,"href":"https:\/\/www.laproduktiva.com\/iris\/wp-json\/wp\/v2\/categories?post=55"},{"taxonomy":"post_tag","embeddable":true,"href":"https:\/\/www.laproduktiva.com\/iris\/wp-json\/wp\/v2\/tags?post=55"}],"curies":[{"name":"wp","href":"https:\/\/api.w.org\/{rel}","templated":true}]}}