{"id":46,"date":"2017-02-10T21:57:19","date_gmt":"2017-02-10T21:57:19","guid":{"rendered":"http:\/\/www.laproduktiva.com\/films\/?p=46"},"modified":"2025-08-13T08:59:17","modified_gmt":"2025-08-13T08:59:17","slug":"amigdala-tda","status":"publish","type":"post","link":"https:\/\/www.laproduktiva.com\/films\/amigdala-tda\/","title":{"rendered":"Am\u00edgdala &#8220;TDA&#8221;"},"content":{"rendered":"\n<p>Els <a href=\"https:\/\/www.facebook.com\/amigdalatrio\" target=\"_blank\">Am\u00edgdala<\/a> s\u00f3n un power trio d&#8217;indie rock de Sabadell que pertanyen a l&#8217;escuderia de La Produktiva Records. El seu nou treball \u00e9s un EP anomenat &#8220;II&#8221; que s&#8217;obre amb aquest fant\u00e0stic tema: &#8220;TDA&#8221;.<\/p>\n\n\n\n<div style=\"height:10px\" aria-hidden=\"true\" class=\"wp-block-spacer\"><\/div>\n\n\n\n<p>C\u00e0mera i muntatge: Nando Caballero<\/p>\n\n\n\n<div style=\"height:10px\" aria-hidden=\"true\" class=\"wp-block-spacer\"><\/div>\n\n\n\n<p><iframe loading=\"lazy\" src=\"https:\/\/player.vimeo.com\/video\/188828633\" width=\"800\" height=\"450\" frameborder=\"0\" webkitallowfullscreen=\"\" mozallowfullscreen=\"\" allowfullscreen=\"\"><\/iframe><\/p>\n\n\n\n<p><\/p>\n","protected":false},"excerpt":{"rendered":"<p>Els Am\u00edgdala s\u00f3n un power trio d&#8217;indie rock de Sabadell que pertanyen a l&#8217;escuderia de La Produktiva Records. El seu nou treball \u00e9s un EP anomenat &#8220;II&#8221; que s&#8217;obre amb aquest fant\u00e0stic tema: &#8220;TDA&#8221;. C\u00e0mera i muntatge: Nando Caballero<\/p>\n","protected":false},"author":1,"featured_media":2990,"comment_status":"closed","ping_status":"open","sticky":false,"template":"","format":"standard","meta":{"footnotes":""},"categories":[2],"tags":[],"class_list":["post-46","post","type-post","status-publish","format-standard","has-post-thumbnail","hentry","category-videoclips"],"_links":{"self":[{"href":"https:\/\/www.laproduktiva.com\/films\/wp-json\/wp\/v2\/posts\/46","targetHints":{"allow":["GET"]}}],"collection":[{"href":"https:\/\/www.laproduktiva.com\/films\/wp-json\/wp\/v2\/posts"}],"about":[{"href":"https:\/\/www.laproduktiva.com\/films\/wp-json\/wp\/v2\/types\/post"}],"author":[{"embeddable":true,"href":"https:\/\/www.laproduktiva.com\/films\/wp-json\/wp\/v2\/users\/1"}],"replies":[{"embeddable":true,"href":"https:\/\/www.laproduktiva.com\/films\/wp-json\/wp\/v2\/comments?post=46"}],"version-history":[{"count":5,"href":"https:\/\/www.laproduktiva.com\/films\/wp-json\/wp\/v2\/posts\/46\/revisions"}],"predecessor-version":[{"id":2991,"href":"https:\/\/www.laproduktiva.com\/films\/wp-json\/wp\/v2\/posts\/46\/revisions\/2991"}],"wp:featuredmedia":[{"embeddable":true,"href":"https:\/\/www.laproduktiva.com\/films\/wp-json\/wp\/v2\/media\/2990"}],"wp:attachment":[{"href":"https:\/\/www.laproduktiva.com\/films\/wp-json\/wp\/v2\/media?parent=46"}],"wp:term":[{"taxonomy":"category","embeddable":true,"href":"https:\/\/www.laproduktiva.com\/films\/wp-json\/wp\/v2\/categories?post=46"},{"taxonomy":"post_tag","embeddable":true,"href":"https:\/\/www.laproduktiva.com\/films\/wp-json\/wp\/v2\/tags?post=46"}],"curies":[{"name":"wp","href":"https:\/\/api.w.org\/{rel}","templated":true}]}}