{"id":457,"date":"2017-06-09T10:15:10","date_gmt":"2017-06-09T10:15:10","guid":{"rendered":"http:\/\/www.laproduktiva.com\/films\/?p=457"},"modified":"2025-08-13T09:03:42","modified_gmt":"2025-08-13T09:03:42","slug":"oest-trip-em-vas-dir","status":"publish","type":"post","link":"https:\/\/www.laproduktiva.com\/films\/oest-trip-em-vas-dir\/","title":{"rendered":"Oest Trip &#8220;Em vas dir&#8221;"},"content":{"rendered":"\n<p>Els sabadellencs ens van encarregar el seu primer videoclip amb un parell d&#8217;idees molt clares: psicod\u00e8lia i anys 70. Amb aquesta premisa vam fer aquest treball en un mat\u00ed de rodatge a les afores del poble&#8230;<\/p>\n\n\n\n<div style=\"height:10px\" aria-hidden=\"true\" class=\"wp-block-spacer\"><\/div>\n\n\n\n<p>C\u00e0mera i muntatge: Nando Caballero<\/p>\n\n\n\n<div style=\"height:10px\" aria-hidden=\"true\" class=\"wp-block-spacer\"><\/div>\n\n\n\n<p><iframe loading=\"lazy\" src=\"https:\/\/player.vimeo.com\/video\/210432327\" width=\"800\" height=\"450\" frameborder=\"0\" webkitallowfullscreen=\"\" mozallowfullscreen=\"\" allowfullscreen=\"\"><\/iframe><\/p>\n\n\n\n<p><\/p>\n","protected":false},"excerpt":{"rendered":"<p>Els sabadellencs ens van encarregar el seu primer videoclip amb un parell d&#8217;idees molt clares: psicod\u00e8lia i anys 70. Amb aquesta premisa vam fer aquest treball en un mat\u00ed de rodatge a les afores del poble&#8230; C\u00e0mera i muntatge: Nando Caballero<\/p>\n","protected":false},"author":1,"featured_media":2993,"comment_status":"closed","ping_status":"open","sticky":false,"template":"","format":"standard","meta":{"footnotes":""},"categories":[2],"tags":[],"class_list":["post-457","post","type-post","status-publish","format-standard","has-post-thumbnail","hentry","category-videoclips"],"_links":{"self":[{"href":"https:\/\/www.laproduktiva.com\/films\/wp-json\/wp\/v2\/posts\/457","targetHints":{"allow":["GET"]}}],"collection":[{"href":"https:\/\/www.laproduktiva.com\/films\/wp-json\/wp\/v2\/posts"}],"about":[{"href":"https:\/\/www.laproduktiva.com\/films\/wp-json\/wp\/v2\/types\/post"}],"author":[{"embeddable":true,"href":"https:\/\/www.laproduktiva.com\/films\/wp-json\/wp\/v2\/users\/1"}],"replies":[{"embeddable":true,"href":"https:\/\/www.laproduktiva.com\/films\/wp-json\/wp\/v2\/comments?post=457"}],"version-history":[{"count":6,"href":"https:\/\/www.laproduktiva.com\/films\/wp-json\/wp\/v2\/posts\/457\/revisions"}],"predecessor-version":[{"id":2995,"href":"https:\/\/www.laproduktiva.com\/films\/wp-json\/wp\/v2\/posts\/457\/revisions\/2995"}],"wp:featuredmedia":[{"embeddable":true,"href":"https:\/\/www.laproduktiva.com\/films\/wp-json\/wp\/v2\/media\/2993"}],"wp:attachment":[{"href":"https:\/\/www.laproduktiva.com\/films\/wp-json\/wp\/v2\/media?parent=457"}],"wp:term":[{"taxonomy":"category","embeddable":true,"href":"https:\/\/www.laproduktiva.com\/films\/wp-json\/wp\/v2\/categories?post=457"},{"taxonomy":"post_tag","embeddable":true,"href":"https:\/\/www.laproduktiva.com\/films\/wp-json\/wp\/v2\/tags?post=457"}],"curies":[{"name":"wp","href":"https:\/\/api.w.org\/{rel}","templated":true}]}}