{"id":2233,"date":"2023-11-22T11:43:06","date_gmt":"2023-11-22T11:43:06","guid":{"rendered":"https:\/\/www.laproduktiva.com\/films\/?p=2233"},"modified":"2025-08-13T10:31:52","modified_gmt":"2025-08-13T10:31:52","slug":"guardafuegos-magia","status":"publish","type":"post","link":"https:\/\/www.laproduktiva.com\/films\/guardafuegos-magia\/","title":{"rendered":"Guardafuegos &#8220;Magia&#8221;"},"content":{"rendered":"\n<p>Nou i molt especial videoclip de la banda Tarragonina Guardafuegos. Una can\u00e7\u00f3 dura per\u00f2 plena d\u2019esperan\u00e7a, de tendresa i de&#8230; m\u00e0gia!<\/p>\n\n\n\n<div style=\"height:10px\" aria-hidden=\"true\" class=\"wp-block-spacer\"><\/div>\n\n\n\n<p>Nando Caballero: gravaci\u00f3 i edici\u00f3.<\/p>\n\n\n\n<div style=\"height:10px\" aria-hidden=\"true\" class=\"wp-block-spacer\"><\/div>\n\n\n\n<figure class=\"wp-block-embed is-type-video is-provider-vimeo wp-block-embed-vimeo wp-embed-aspect-16-9 wp-has-aspect-ratio\"><div class=\"wp-block-embed__wrapper\">\n<iframe loading=\"lazy\" title=\"Guardafuegos - Magia\" src=\"https:\/\/player.vimeo.com\/video\/887230508?dnt=1&amp;app_id=122963\" width=\"500\" height=\"281\" frameborder=\"0\" allow=\"autoplay; fullscreen; picture-in-picture; clipboard-write; encrypted-media; web-share\" referrerpolicy=\"strict-origin-when-cross-origin\"><\/iframe>\n<\/div><\/figure>\n","protected":false},"excerpt":{"rendered":"<p>Nou i molt especial videoclip de la banda Tarragonina Guardafuegos. Una can\u00e7\u00f3 dura per\u00f2 plena d\u2019esperan\u00e7a, de tendresa i de&#8230; m\u00e0gia! Nando Caballero: gravaci\u00f3 i edici\u00f3.<\/p>\n","protected":false},"author":1,"featured_media":2234,"comment_status":"closed","ping_status":"open","sticky":false,"template":"","format":"standard","meta":{"footnotes":""},"categories":[2],"tags":[],"class_list":["post-2233","post","type-post","status-publish","format-standard","has-post-thumbnail","hentry","category-videoclips"],"_links":{"self":[{"href":"https:\/\/www.laproduktiva.com\/films\/wp-json\/wp\/v2\/posts\/2233","targetHints":{"allow":["GET"]}}],"collection":[{"href":"https:\/\/www.laproduktiva.com\/films\/wp-json\/wp\/v2\/posts"}],"about":[{"href":"https:\/\/www.laproduktiva.com\/films\/wp-json\/wp\/v2\/types\/post"}],"author":[{"embeddable":true,"href":"https:\/\/www.laproduktiva.com\/films\/wp-json\/wp\/v2\/users\/1"}],"replies":[{"embeddable":true,"href":"https:\/\/www.laproduktiva.com\/films\/wp-json\/wp\/v2\/comments?post=2233"}],"version-history":[{"count":5,"href":"https:\/\/www.laproduktiva.com\/films\/wp-json\/wp\/v2\/posts\/2233\/revisions"}],"predecessor-version":[{"id":3063,"href":"https:\/\/www.laproduktiva.com\/films\/wp-json\/wp\/v2\/posts\/2233\/revisions\/3063"}],"wp:featuredmedia":[{"embeddable":true,"href":"https:\/\/www.laproduktiva.com\/films\/wp-json\/wp\/v2\/media\/2234"}],"wp:attachment":[{"href":"https:\/\/www.laproduktiva.com\/films\/wp-json\/wp\/v2\/media?parent=2233"}],"wp:term":[{"taxonomy":"category","embeddable":true,"href":"https:\/\/www.laproduktiva.com\/films\/wp-json\/wp\/v2\/categories?post=2233"},{"taxonomy":"post_tag","embeddable":true,"href":"https:\/\/www.laproduktiva.com\/films\/wp-json\/wp\/v2\/tags?post=2233"}],"curies":[{"name":"wp","href":"https:\/\/api.w.org\/{rel}","templated":true}]}}