{"id":2227,"date":"2023-11-05T18:10:52","date_gmt":"2023-11-05T18:10:52","guid":{"rendered":"https:\/\/www.laproduktiva.com\/films\/?p=2227"},"modified":"2025-08-13T10:28:19","modified_gmt":"2025-08-13T10:28:19","slug":"clams-fes-espai-a-lamor","status":"publish","type":"post","link":"https:\/\/www.laproduktiva.com\/films\/clams-fes-espai-a-lamor\/","title":{"rendered":"Clams &#8220;Fes espai a l&#8217;amor&#8221;"},"content":{"rendered":"\n<p>Videoclip de Clams amb motiu del 10\u00e8 aniversari de la banda. Gravat a La Casamurada (Tarragona) amb imatges del proper documental sobre la banda.<\/p>\n\n\n\n<div style=\"height:10px\" aria-hidden=\"true\" class=\"wp-block-spacer\"><\/div>\n\n\n\n<h4 class=\"wp-block-heading\">EQUIP<\/h4>\n\n\n\n<p>Nando Caballero: gravaci\u00f3 i edici\u00f3.<br>Producci\u00f3: Montse Ben\u00edtez<\/p>\n\n\n\n<div style=\"height:10px\" aria-hidden=\"true\" class=\"wp-block-spacer\"><\/div>\n\n\n\n<figure class=\"wp-block-embed is-type-video is-provider-vimeo wp-block-embed-vimeo wp-embed-aspect-16-9 wp-has-aspect-ratio\"><div class=\"wp-block-embed__wrapper\">\n<iframe loading=\"lazy\" title=\"Clams - Fes espai a l&#039;amor\" src=\"https:\/\/player.vimeo.com\/video\/881440384?dnt=1&amp;app_id=122963\" width=\"500\" height=\"281\" frameborder=\"0\" allow=\"autoplay; fullscreen; picture-in-picture; clipboard-write; encrypted-media; web-share\" referrerpolicy=\"strict-origin-when-cross-origin\"><\/iframe>\n<\/div><\/figure>\n","protected":false},"excerpt":{"rendered":"<p>Videoclip de Clams amb motiu del 10\u00e8 aniversari de la banda. Gravat a La Casamurada (Tarragona) amb imatges del proper documental sobre la banda. EQUIP Nando Caballero: gravaci\u00f3 i edici\u00f3.Producci\u00f3: Montse Ben\u00edtez<\/p>\n","protected":false},"author":1,"featured_media":2830,"comment_status":"closed","ping_status":"open","sticky":false,"template":"","format":"standard","meta":{"footnotes":""},"categories":[2],"tags":[],"class_list":["post-2227","post","type-post","status-publish","format-standard","has-post-thumbnail","hentry","category-videoclips"],"_links":{"self":[{"href":"https:\/\/www.laproduktiva.com\/films\/wp-json\/wp\/v2\/posts\/2227","targetHints":{"allow":["GET"]}}],"collection":[{"href":"https:\/\/www.laproduktiva.com\/films\/wp-json\/wp\/v2\/posts"}],"about":[{"href":"https:\/\/www.laproduktiva.com\/films\/wp-json\/wp\/v2\/types\/post"}],"author":[{"embeddable":true,"href":"https:\/\/www.laproduktiva.com\/films\/wp-json\/wp\/v2\/users\/1"}],"replies":[{"embeddable":true,"href":"https:\/\/www.laproduktiva.com\/films\/wp-json\/wp\/v2\/comments?post=2227"}],"version-history":[{"count":7,"href":"https:\/\/www.laproduktiva.com\/films\/wp-json\/wp\/v2\/posts\/2227\/revisions"}],"predecessor-version":[{"id":3061,"href":"https:\/\/www.laproduktiva.com\/films\/wp-json\/wp\/v2\/posts\/2227\/revisions\/3061"}],"wp:featuredmedia":[{"embeddable":true,"href":"https:\/\/www.laproduktiva.com\/films\/wp-json\/wp\/v2\/media\/2830"}],"wp:attachment":[{"href":"https:\/\/www.laproduktiva.com\/films\/wp-json\/wp\/v2\/media?parent=2227"}],"wp:term":[{"taxonomy":"category","embeddable":true,"href":"https:\/\/www.laproduktiva.com\/films\/wp-json\/wp\/v2\/categories?post=2227"},{"taxonomy":"post_tag","embeddable":true,"href":"https:\/\/www.laproduktiva.com\/films\/wp-json\/wp\/v2\/tags?post=2227"}],"curies":[{"name":"wp","href":"https:\/\/api.w.org\/{rel}","templated":true}]}}