{"id":219,"date":"2017-01-08T08:07:32","date_gmt":"2017-01-08T08:07:32","guid":{"rendered":"http:\/\/www.laproduktiva.com\/films\/?p=219"},"modified":"2025-08-13T08:59:33","modified_gmt":"2025-08-13T08:59:33","slug":"gottemberg","status":"publish","type":"post","link":"https:\/\/www.laproduktiva.com\/films\/gottemberg\/","title":{"rendered":"G\u00f6ttemberg"},"content":{"rendered":"\n<p>El nou disc dels Tarragonins <a href=\"https:\/\/www.facebook.com\/gottembergband\" target=\"_blank\">G\u00f6ttemberg<\/a> s&#8217;anomena &#8220;La extra\u00f1a sobremesa&#8221; i continua la l\u00ednia del seu anterior treball amb un rock molt elaborat i interessant. Vam anar al seu local d&#8217;assaig a enregistrar el tema &#8220;El contramaestre&#8221;, un cop acabat de gravar, vam estar xerrant, prenent unes cerveses i parlant de videoclips i va sorgir la idea de fer una versi\u00f3 lliure del videoclip &#8220;Yellow&#8221; de Coldplay. Dit i fet, vam anar a un abocador il\u00b7legal de les afores de Tarragona i en 20&#8242; ja teniem el videoclip de &#8220;La medium&#8221; fet! aqu\u00ed us presentem els dos videoclips&#8230;<\/p>\n\n\n\n<div style=\"height:10px\" aria-hidden=\"true\" class=\"wp-block-spacer\"><\/div>\n\n\n\n<h4 class=\"wp-block-heading\">EQUIP<\/h4>\n\n\n\n<p>C\u00e0mera i muntatge: Nando Caballero<br>\nProducci\u00f3: Montse Ben\u00edtez<\/p>\n\n\n\n<div style=\"height:10px\" aria-hidden=\"true\" class=\"wp-block-spacer\"><\/div>\n\n\n\n<p><iframe loading=\"lazy\" src=\"https:\/\/player.vimeo.com\/video\/191120661\" width=\"800\" height=\"450\" frameborder=\"0\" webkitallowfullscreen=\"\" mozallowfullscreen=\"\" allowfullscreen=\"\"><\/iframe><\/p>\n\n\n\n<p><iframe loading=\"lazy\" src=\"https:\/\/player.vimeo.com\/video\/190679252\" width=\"800\" height=\"450\" frameborder=\"0\" webkitallowfullscreen=\"\" mozallowfullscreen=\"\" allowfullscreen=\"\"><\/iframe><\/p>\n","protected":false},"excerpt":{"rendered":"<p>El nou disc dels Tarragonins G\u00f6ttemberg s&#8217;anomena &#8220;La extra\u00f1a sobremesa&#8221; i continua la l\u00ednia del seu anterior treball amb un rock molt elaborat i interessant. Vam anar al seu local d&#8217;assaig a enregistrar el tema &#8220;El contramaestre&#8221;, un cop acabat de gravar, vam estar xerrant, prenent unes cerveses i parlant de videoclips i va sorgir [&hellip;]<\/p>\n","protected":false},"author":1,"featured_media":2989,"comment_status":"closed","ping_status":"open","sticky":false,"template":"","format":"standard","meta":{"footnotes":""},"categories":[2],"tags":[],"class_list":["post-219","post","type-post","status-publish","format-standard","has-post-thumbnail","hentry","category-videoclips"],"_links":{"self":[{"href":"https:\/\/www.laproduktiva.com\/films\/wp-json\/wp\/v2\/posts\/219","targetHints":{"allow":["GET"]}}],"collection":[{"href":"https:\/\/www.laproduktiva.com\/films\/wp-json\/wp\/v2\/posts"}],"about":[{"href":"https:\/\/www.laproduktiva.com\/films\/wp-json\/wp\/v2\/types\/post"}],"author":[{"embeddable":true,"href":"https:\/\/www.laproduktiva.com\/films\/wp-json\/wp\/v2\/users\/1"}],"replies":[{"embeddable":true,"href":"https:\/\/www.laproduktiva.com\/films\/wp-json\/wp\/v2\/comments?post=219"}],"version-history":[{"count":11,"href":"https:\/\/www.laproduktiva.com\/films\/wp-json\/wp\/v2\/posts\/219\/revisions"}],"predecessor-version":[{"id":2992,"href":"https:\/\/www.laproduktiva.com\/films\/wp-json\/wp\/v2\/posts\/219\/revisions\/2992"}],"wp:featuredmedia":[{"embeddable":true,"href":"https:\/\/www.laproduktiva.com\/films\/wp-json\/wp\/v2\/media\/2989"}],"wp:attachment":[{"href":"https:\/\/www.laproduktiva.com\/films\/wp-json\/wp\/v2\/media?parent=219"}],"wp:term":[{"taxonomy":"category","embeddable":true,"href":"https:\/\/www.laproduktiva.com\/films\/wp-json\/wp\/v2\/categories?post=219"},{"taxonomy":"post_tag","embeddable":true,"href":"https:\/\/www.laproduktiva.com\/films\/wp-json\/wp\/v2\/tags?post=219"}],"curies":[{"name":"wp","href":"https:\/\/api.w.org\/{rel}","templated":true}]}}