{"id":2112,"date":"2023-01-13T12:42:45","date_gmt":"2023-01-13T12:42:45","guid":{"rendered":"https:\/\/www.laproduktiva.com\/films\/?p=2112"},"modified":"2025-08-13T10:22:06","modified_gmt":"2025-08-13T10:22:06","slug":"los-salvajes-la-neurastenia","status":"publish","type":"post","link":"https:\/\/www.laproduktiva.com\/films\/los-salvajes-la-neurastenia\/","title":{"rendered":"Los Salvajes &#8220;La neurastenia&#8221;"},"content":{"rendered":"\n<p>Versi\u00f3 en directe d&#8217;aquest cl\u00e0ssic de la banda al concert de celebraci\u00f3 de 60 aniversari de la formaci\u00f3 del Poble Sec a la Sala Luz de Gas.<\/p>\n\n\n\n<div style=\"height:10px\" aria-hidden=\"true\" class=\"wp-block-spacer\"><\/div>\n\n\n\n<h4 class=\"wp-block-heading\">EQUIP<\/h4>\n\n\n\n<p>C\u00e0meres: Roger March i Nando Caballero<br>Muntatge: Nando Caballero<\/p>\n\n\n\n<div style=\"height:10px\" aria-hidden=\"true\" class=\"wp-block-spacer\"><\/div>\n\n\n\n<figure class=\"wp-block-embed is-type-video is-provider-vimeo wp-block-embed-vimeo wp-embed-aspect-16-9 wp-has-aspect-ratio\"><div class=\"wp-block-embed__wrapper\">\n<iframe loading=\"lazy\" title=\"Los Salvajes - La Neurastenia\" src=\"https:\/\/player.vimeo.com\/video\/788983407?dnt=1&amp;app_id=122963\" width=\"500\" height=\"281\" frameborder=\"0\" allow=\"autoplay; fullscreen; picture-in-picture; clipboard-write; encrypted-media; web-share\" referrerpolicy=\"strict-origin-when-cross-origin\"><\/iframe>\n<\/div><\/figure>\n","protected":false},"excerpt":{"rendered":"<p>Versi\u00f3 en directe d&#8217;aquest cl\u00e0ssic de la banda al concert de celebraci\u00f3 de 60 aniversari de la formaci\u00f3 del Poble Sec a la Sala Luz de Gas. EQUIP C\u00e0meres: Roger March i Nando CaballeroMuntatge: Nando Caballero<\/p>\n","protected":false},"author":1,"featured_media":3050,"comment_status":"closed","ping_status":"open","sticky":false,"template":"","format":"standard","meta":{"footnotes":""},"categories":[2],"tags":[],"class_list":["post-2112","post","type-post","status-publish","format-standard","has-post-thumbnail","hentry","category-videoclips"],"_links":{"self":[{"href":"https:\/\/www.laproduktiva.com\/films\/wp-json\/wp\/v2\/posts\/2112","targetHints":{"allow":["GET"]}}],"collection":[{"href":"https:\/\/www.laproduktiva.com\/films\/wp-json\/wp\/v2\/posts"}],"about":[{"href":"https:\/\/www.laproduktiva.com\/films\/wp-json\/wp\/v2\/types\/post"}],"author":[{"embeddable":true,"href":"https:\/\/www.laproduktiva.com\/films\/wp-json\/wp\/v2\/users\/1"}],"replies":[{"embeddable":true,"href":"https:\/\/www.laproduktiva.com\/films\/wp-json\/wp\/v2\/comments?post=2112"}],"version-history":[{"count":4,"href":"https:\/\/www.laproduktiva.com\/films\/wp-json\/wp\/v2\/posts\/2112\/revisions"}],"predecessor-version":[{"id":3053,"href":"https:\/\/www.laproduktiva.com\/films\/wp-json\/wp\/v2\/posts\/2112\/revisions\/3053"}],"wp:featuredmedia":[{"embeddable":true,"href":"https:\/\/www.laproduktiva.com\/films\/wp-json\/wp\/v2\/media\/3050"}],"wp:attachment":[{"href":"https:\/\/www.laproduktiva.com\/films\/wp-json\/wp\/v2\/media?parent=2112"}],"wp:term":[{"taxonomy":"category","embeddable":true,"href":"https:\/\/www.laproduktiva.com\/films\/wp-json\/wp\/v2\/categories?post=2112"},{"taxonomy":"post_tag","embeddable":true,"href":"https:\/\/www.laproduktiva.com\/films\/wp-json\/wp\/v2\/tags?post=2112"}],"curies":[{"name":"wp","href":"https:\/\/api.w.org\/{rel}","templated":true}]}}