{"id":2099,"date":"2023-01-13T11:20:21","date_gmt":"2023-01-13T11:20:21","guid":{"rendered":"https:\/\/www.laproduktiva.com\/films\/?p=2099"},"modified":"2026-02-10T08:10:28","modified_gmt":"2026-02-10T08:10:28","slug":"clams-festival-de-foc","status":"publish","type":"post","link":"https:\/\/www.laproduktiva.com\/films\/clams-festival-de-foc\/","title":{"rendered":"Clams &#8220;Melodies&#8230;&#8221;"},"content":{"rendered":"\n<p>Dos videoclips de dues can\u00e7ons del darrer disc de Clams: &#8220;Melodies del somriure inconscient&#8221;.<\/p>\n\n\n\n<p>El primer (Festival de foc), \u00e9s un enregistrament de l&#8217;actuaci\u00f3 de la banda Clams al Palau Blaugrana, i el segon (El teu cant) est\u00e0 realitzat amb fragments dels assajos i de la presentaci\u00f3 del disc a la sala La Textil a l&#8217;estiu de 2022.<\/p>\n\n\n\n<div style=\"height:10px\" aria-hidden=\"true\" class=\"wp-block-spacer\"><\/div>\n\n\n\n<div style=\"height:10px\" aria-hidden=\"true\" class=\"wp-block-spacer\"><\/div>\n\n\n\n<p class=\"has-text-align-left\">C\u00e0mera i muntatge: Nando Caballero<\/p>\n\n\n\n<div style=\"height:10px\" aria-hidden=\"true\" class=\"wp-block-spacer\"><\/div>\n\n\n\n<figure class=\"wp-block-embed is-type-video is-provider-vimeo wp-block-embed-vimeo wp-embed-aspect-16-9 wp-has-aspect-ratio\"><div class=\"wp-block-embed__wrapper\">\n<iframe loading=\"lazy\" src=\"https:\/\/player.vimeo.com\/video\/709873149?dnt=1&amp;app_id=122963\" width=\"500\" height=\"281\" frameborder=\"0\" allow=\"autoplay; fullscreen; picture-in-picture; clipboard-write; encrypted-media; web-share\" referrerpolicy=\"strict-origin-when-cross-origin\"><\/iframe>\n<\/div><\/figure>\n\n\n\n<div style=\"height:20px\" aria-hidden=\"true\" class=\"wp-block-spacer\"><\/div>\n\n\n\n<figure class=\"wp-block-embed is-type-video is-provider-vimeo wp-block-embed-vimeo wp-embed-aspect-16-9 wp-has-aspect-ratio\"><div class=\"wp-block-embed__wrapper\">\n<iframe loading=\"lazy\" src=\"https:\/\/player.vimeo.com\/video\/788969993?dnt=1&amp;app_id=122963\" width=\"500\" height=\"281\" frameborder=\"0\" allow=\"autoplay; fullscreen; picture-in-picture; clipboard-write; encrypted-media; web-share\" referrerpolicy=\"strict-origin-when-cross-origin\"><\/iframe>\n<\/div><\/figure>\n","protected":false},"excerpt":{"rendered":"<p>Dos videoclips de dues can\u00e7ons del darrer disc de Clams: &#8220;Melodies del somriure inconscient&#8221;. El primer (Festival de foc), \u00e9s un enregistrament de l&#8217;actuaci\u00f3 de la banda Clams al Palau Blaugrana, i el segon (El teu cant) est\u00e0 realitzat amb fragments dels assajos i de la presentaci\u00f3 del disc a la sala La Textil a [&hellip;]<\/p>\n","protected":false},"author":1,"featured_media":3047,"comment_status":"closed","ping_status":"open","sticky":false,"template":"","format":"standard","meta":{"footnotes":""},"categories":[2],"tags":[],"class_list":["post-2099","post","type-post","status-publish","format-standard","has-post-thumbnail","hentry","category-videoclips"],"_links":{"self":[{"href":"https:\/\/www.laproduktiva.com\/films\/wp-json\/wp\/v2\/posts\/2099","targetHints":{"allow":["GET"]}}],"collection":[{"href":"https:\/\/www.laproduktiva.com\/films\/wp-json\/wp\/v2\/posts"}],"about":[{"href":"https:\/\/www.laproduktiva.com\/films\/wp-json\/wp\/v2\/types\/post"}],"author":[{"embeddable":true,"href":"https:\/\/www.laproduktiva.com\/films\/wp-json\/wp\/v2\/users\/1"}],"replies":[{"embeddable":true,"href":"https:\/\/www.laproduktiva.com\/films\/wp-json\/wp\/v2\/comments?post=2099"}],"version-history":[{"count":10,"href":"https:\/\/www.laproduktiva.com\/films\/wp-json\/wp\/v2\/posts\/2099\/revisions"}],"predecessor-version":[{"id":3354,"href":"https:\/\/www.laproduktiva.com\/films\/wp-json\/wp\/v2\/posts\/2099\/revisions\/3354"}],"wp:featuredmedia":[{"embeddable":true,"href":"https:\/\/www.laproduktiva.com\/films\/wp-json\/wp\/v2\/media\/3047"}],"wp:attachment":[{"href":"https:\/\/www.laproduktiva.com\/films\/wp-json\/wp\/v2\/media?parent=2099"}],"wp:term":[{"taxonomy":"category","embeddable":true,"href":"https:\/\/www.laproduktiva.com\/films\/wp-json\/wp\/v2\/categories?post=2099"},{"taxonomy":"post_tag","embeddable":true,"href":"https:\/\/www.laproduktiva.com\/films\/wp-json\/wp\/v2\/tags?post=2099"}],"curies":[{"name":"wp","href":"https:\/\/api.w.org\/{rel}","templated":true}]}}