{"id":1264,"date":"2019-09-17T09:11:18","date_gmt":"2019-09-17T09:11:18","guid":{"rendered":"http:\/\/www.laproduktiva.com\/films\/?p=1264"},"modified":"2025-08-13T09:30:29","modified_gmt":"2025-08-13T09:30:29","slug":"brighton-64-juez-y-parte","status":"publish","type":"post","link":"https:\/\/www.laproduktiva.com\/films\/brighton-64-juez-y-parte\/","title":{"rendered":"Brighton 64 &#8220;Juez y Parte&#8221;"},"content":{"rendered":"\n<p>Els Brighton van voler dir la seva respecte a la situaci\u00f3 pol\u00edtica que viu el pa\u00eds amb aquesta can\u00e7\u00f3. Vam anar als estudis Ultramarinos Costa Brava i vam enregistrar la gravaci\u00f3 de la can\u00e7\u00f3 per fer el videoclip del tema.<\/p>\n\n\n\n<div style=\"height:10px\" aria-hidden=\"true\" class=\"wp-block-spacer\"><\/div>\n\n\n\n<h4 class=\"wp-block-heading\">EQUIP<\/h4>\n\n\n\n<p>Animacions: Sandra Benito<br>\nC\u00e0mera i muntatge: Nando Caballero<\/p>\n\n\n\n<div style=\"height:10px\" aria-hidden=\"true\" class=\"wp-block-spacer\"><\/div>\n\n\n\n<p><iframe loading=\"lazy\" src=\"https:\/\/player.vimeo.com\/video\/334274957?portrait=0\" width=\"800\" height=\"450\" frameborder=\"0\" allow=\"autoplay; fullscreen\" allowfullscreen=\"\"><\/iframe><\/p>\n","protected":false},"excerpt":{"rendered":"<p>Els Brighton van voler dir la seva respecte a la situaci\u00f3 pol\u00edtica que viu el pa\u00eds amb aquesta can\u00e7\u00f3. Vam anar als estudis Ultramarinos Costa Brava i vam enregistrar la gravaci\u00f3 de la can\u00e7\u00f3 per fer el videoclip del tema. EQUIP Animacions: Sandra Benito C\u00e0mera i muntatge: Nando Caballero<\/p>\n","protected":false},"author":1,"featured_media":3016,"comment_status":"closed","ping_status":"open","sticky":false,"template":"","format":"standard","meta":{"footnotes":""},"categories":[2],"tags":[],"class_list":["post-1264","post","type-post","status-publish","format-standard","has-post-thumbnail","hentry","category-videoclips"],"_links":{"self":[{"href":"https:\/\/www.laproduktiva.com\/films\/wp-json\/wp\/v2\/posts\/1264","targetHints":{"allow":["GET"]}}],"collection":[{"href":"https:\/\/www.laproduktiva.com\/films\/wp-json\/wp\/v2\/posts"}],"about":[{"href":"https:\/\/www.laproduktiva.com\/films\/wp-json\/wp\/v2\/types\/post"}],"author":[{"embeddable":true,"href":"https:\/\/www.laproduktiva.com\/films\/wp-json\/wp\/v2\/users\/1"}],"replies":[{"embeddable":true,"href":"https:\/\/www.laproduktiva.com\/films\/wp-json\/wp\/v2\/comments?post=1264"}],"version-history":[{"count":3,"href":"https:\/\/www.laproduktiva.com\/films\/wp-json\/wp\/v2\/posts\/1264\/revisions"}],"predecessor-version":[{"id":3018,"href":"https:\/\/www.laproduktiva.com\/films\/wp-json\/wp\/v2\/posts\/1264\/revisions\/3018"}],"wp:featuredmedia":[{"embeddable":true,"href":"https:\/\/www.laproduktiva.com\/films\/wp-json\/wp\/v2\/media\/3016"}],"wp:attachment":[{"href":"https:\/\/www.laproduktiva.com\/films\/wp-json\/wp\/v2\/media?parent=1264"}],"wp:term":[{"taxonomy":"category","embeddable":true,"href":"https:\/\/www.laproduktiva.com\/films\/wp-json\/wp\/v2\/categories?post=1264"},{"taxonomy":"post_tag","embeddable":true,"href":"https:\/\/www.laproduktiva.com\/films\/wp-json\/wp\/v2\/tags?post=1264"}],"curies":[{"name":"wp","href":"https:\/\/api.w.org\/{rel}","templated":true}]}}