{"id":1246,"date":"2019-08-23T08:12:23","date_gmt":"2019-08-23T08:12:23","guid":{"rendered":"http:\/\/www.laproduktiva.com\/films\/?p=1246"},"modified":"2025-08-13T09:26:56","modified_gmt":"2025-08-13T09:26:56","slug":"breis-asuntos-pendientes","status":"publish","type":"post","link":"https:\/\/www.laproduktiva.com\/films\/breis-asuntos-pendientes\/","title":{"rendered":"Breis &#8220;Asuntos pendientes&#8221;"},"content":{"rendered":"\n<p>&#8220;Breis en Mocca&#8221; \u00e9s el nou Ep de Manolo Breis gravat en directe en els estudis Mocca Records de Barcelona. Quatre can\u00e7ons van sortir d&#8217;aquesta sessi\u00f3 i aquesta can\u00e7\u00f3 \u00e9s una mostra.<\/p>\n\n\n\n<div style=\"height:10px\" aria-hidden=\"true\" class=\"wp-block-spacer\"><\/div>\n\n\n\n<h4 class=\"wp-block-heading\">EQUIP<\/h4>\n\n\n\n<p>C\u00e0mera: Dani D\u00edaz<br>\nC\u00e0mera i muntatge: Nando Caballero<\/p>\n\n\n\n<div style=\"height:10px\" aria-hidden=\"true\" class=\"wp-block-spacer\"><\/div>\n\n\n\n<p><iframe loading=\"lazy\" src=\"https:\/\/player.vimeo.com\/video\/331762878\" width=\"800\" height=\"450\" frameborder=\"0\" allow=\"autoplay; fullscreen\" allowfullscreen=\"\"><\/iframe><\/p>\n\n\n\n<p><\/p>\n","protected":false},"excerpt":{"rendered":"<p>&#8220;Breis en Mocca&#8221; \u00e9s el nou Ep de Manolo Breis gravat en directe en els estudis Mocca Records de Barcelona. Quatre can\u00e7ons van sortir d&#8217;aquesta sessi\u00f3 i aquesta can\u00e7\u00f3 \u00e9s una mostra. EQUIP C\u00e0mera: Dani D\u00edaz C\u00e0mera i muntatge: Nando Caballero<\/p>\n","protected":false},"author":1,"featured_media":3014,"comment_status":"closed","ping_status":"open","sticky":false,"template":"","format":"standard","meta":{"footnotes":""},"categories":[2],"tags":[],"class_list":["post-1246","post","type-post","status-publish","format-standard","has-post-thumbnail","hentry","category-videoclips"],"_links":{"self":[{"href":"https:\/\/www.laproduktiva.com\/films\/wp-json\/wp\/v2\/posts\/1246","targetHints":{"allow":["GET"]}}],"collection":[{"href":"https:\/\/www.laproduktiva.com\/films\/wp-json\/wp\/v2\/posts"}],"about":[{"href":"https:\/\/www.laproduktiva.com\/films\/wp-json\/wp\/v2\/types\/post"}],"author":[{"embeddable":true,"href":"https:\/\/www.laproduktiva.com\/films\/wp-json\/wp\/v2\/users\/1"}],"replies":[{"embeddable":true,"href":"https:\/\/www.laproduktiva.com\/films\/wp-json\/wp\/v2\/comments?post=1246"}],"version-history":[{"count":5,"href":"https:\/\/www.laproduktiva.com\/films\/wp-json\/wp\/v2\/posts\/1246\/revisions"}],"predecessor-version":[{"id":3015,"href":"https:\/\/www.laproduktiva.com\/films\/wp-json\/wp\/v2\/posts\/1246\/revisions\/3015"}],"wp:featuredmedia":[{"embeddable":true,"href":"https:\/\/www.laproduktiva.com\/films\/wp-json\/wp\/v2\/media\/3014"}],"wp:attachment":[{"href":"https:\/\/www.laproduktiva.com\/films\/wp-json\/wp\/v2\/media?parent=1246"}],"wp:term":[{"taxonomy":"category","embeddable":true,"href":"https:\/\/www.laproduktiva.com\/films\/wp-json\/wp\/v2\/categories?post=1246"},{"taxonomy":"post_tag","embeddable":true,"href":"https:\/\/www.laproduktiva.com\/films\/wp-json\/wp\/v2\/tags?post=1246"}],"curies":[{"name":"wp","href":"https:\/\/api.w.org\/{rel}","templated":true}]}}