{"id":1238,"date":"2019-08-23T07:58:43","date_gmt":"2019-08-23T07:58:43","guid":{"rendered":"http:\/\/www.laproduktiva.com\/films\/?p=1238"},"modified":"2025-08-13T09:22:47","modified_gmt":"2025-08-13T09:22:47","slug":"alvians-sinusoidal","status":"publish","type":"post","link":"https:\/\/www.laproduktiva.com\/films\/alvians-sinusoidal\/","title":{"rendered":"Alvians &#8220;Sinuso\u00efdal&#8221;"},"content":{"rendered":"\n<p>Alvians s\u00f3n una jove formaci\u00f3 sabadellenca que edita amb el segell Picap. Per fer el primer videoclip del primer disc hem escollit com a localitzaci\u00f3 un descampat post apocal\u00edptic entre Sabadell i Terrassa.<\/p>\n\n\n\n<div style=\"height:10px\" aria-hidden=\"true\" class=\"wp-block-spacer\"><\/div>\n\n\n\n<h4 class=\"wp-block-heading\">EQUIP<\/h4>\n\n\n\n<p>Dron: Ivan L\u00f3pez<br> C\u00e0mera i muntatge: Nando Caballero<\/p>\n\n\n\n<div style=\"height:10px\" aria-hidden=\"true\" class=\"wp-block-spacer\"><\/div>\n\n\n\n<p><iframe loading=\"lazy\" src=\"https:\/\/player.vimeo.com\/video\/312461770\" width=\"800\" height=\"450\" frameborder=\"0\" allow=\"autoplay; fullscreen\" allowfullscreen=\"\"><\/iframe><\/p>\n","protected":false},"excerpt":{"rendered":"<p>Alvians s\u00f3n una jove formaci\u00f3 sabadellenca que edita amb el segell Picap. Per fer el primer videoclip del primer disc hem escollit com a localitzaci\u00f3 un descampat post apocal\u00edptic entre Sabadell i Terrassa. EQUIP Dron: Ivan L\u00f3pez C\u00e0mera i muntatge: Nando Caballero<\/p>\n","protected":false},"author":1,"featured_media":3012,"comment_status":"closed","ping_status":"open","sticky":false,"template":"","format":"standard","meta":{"footnotes":""},"categories":[2],"tags":[],"class_list":["post-1238","post","type-post","status-publish","format-standard","has-post-thumbnail","hentry","category-videoclips"],"_links":{"self":[{"href":"https:\/\/www.laproduktiva.com\/films\/wp-json\/wp\/v2\/posts\/1238","targetHints":{"allow":["GET"]}}],"collection":[{"href":"https:\/\/www.laproduktiva.com\/films\/wp-json\/wp\/v2\/posts"}],"about":[{"href":"https:\/\/www.laproduktiva.com\/films\/wp-json\/wp\/v2\/types\/post"}],"author":[{"embeddable":true,"href":"https:\/\/www.laproduktiva.com\/films\/wp-json\/wp\/v2\/users\/1"}],"replies":[{"embeddable":true,"href":"https:\/\/www.laproduktiva.com\/films\/wp-json\/wp\/v2\/comments?post=1238"}],"version-history":[{"count":8,"href":"https:\/\/www.laproduktiva.com\/films\/wp-json\/wp\/v2\/posts\/1238\/revisions"}],"predecessor-version":[{"id":3013,"href":"https:\/\/www.laproduktiva.com\/films\/wp-json\/wp\/v2\/posts\/1238\/revisions\/3013"}],"wp:featuredmedia":[{"embeddable":true,"href":"https:\/\/www.laproduktiva.com\/films\/wp-json\/wp\/v2\/media\/3012"}],"wp:attachment":[{"href":"https:\/\/www.laproduktiva.com\/films\/wp-json\/wp\/v2\/media?parent=1238"}],"wp:term":[{"taxonomy":"category","embeddable":true,"href":"https:\/\/www.laproduktiva.com\/films\/wp-json\/wp\/v2\/categories?post=1238"},{"taxonomy":"post_tag","embeddable":true,"href":"https:\/\/www.laproduktiva.com\/films\/wp-json\/wp\/v2\/tags?post=1238"}],"curies":[{"name":"wp","href":"https:\/\/api.w.org\/{rel}","templated":true}]}}