{"id":2265,"date":"2025-11-04T12:09:00","date_gmt":"2025-11-04T12:09:00","guid":{"rendered":"https:\/\/www.laproduktiva.com\/elsobrinodeldiablo\/?p=2265"},"modified":"2025-11-04T12:09:47","modified_gmt":"2025-11-04T12:09:47","slug":"conciertos-de-noviembre-6","status":"publish","type":"post","link":"https:\/\/www.laproduktiva.com\/elsobrinodeldiablo\/conciertos-de-noviembre-6\/","title":{"rendered":"CONCIERTOS DE NOVIEMBRE"},"content":{"rendered":"\n<p>MI\u00c9RCOLES 5 de noviembre a las 19h (ojo, horario de tarde) en LA CARACOLA CASA INTERCULTURAL c\/ Feliu i Codina 19, metro Horta (BCN). Nota, habr\u00e1 libros y bebidas pero hay s\u00f3lo 25 asientos. Se recomienda puntualidad para asegur\u00e1rselos.<\/p>\n\n\n\n<p>S\u00c1BADO 8 de noviembre a las 20h (ojo, horario de tarde) en el Gastrobar FARISTOL (c\/ Sant Mart\u00ed 5) ALTAFULLA (Tarragona)<\/p>\n\n\n\n<p>S\u00c1BADO 22 de noviembre a las 19 30 (ojo, horario de tarde) en el PUB LA MUELA DEL DIABLO c\/ Valencia 614B (metro Clot) BCN El Sobrino a d\u00fao con Xavi Garc\u00eda Entrada 10 euros (incluye comsumici\u00f3n)<\/p>\n\n\n\n<p><\/p>\n","protected":false},"excerpt":{"rendered":"<p>MI\u00c9RCOLES 5 de noviembre a las 19h (ojo, horario de tarde) en LA CARACOLA CASA INTERCULTURAL c\/ Feliu i Codina 19, metro Horta (BCN). Nota, habr\u00e1 libros y bebidas pero &#8230;<\/p>\n","protected":false},"author":2,"featured_media":0,"comment_status":"closed","ping_status":"open","sticky":false,"template":"","format":"standard","meta":{"footnotes":""},"categories":[1],"tags":[],"class_list":["post-2265","post","type-post","status-publish","format-standard","hentry","category-agenda"],"_links":{"self":[{"href":"https:\/\/www.laproduktiva.com\/elsobrinodeldiablo\/wp-json\/wp\/v2\/posts\/2265","targetHints":{"allow":["GET"]}}],"collection":[{"href":"https:\/\/www.laproduktiva.com\/elsobrinodeldiablo\/wp-json\/wp\/v2\/posts"}],"about":[{"href":"https:\/\/www.laproduktiva.com\/elsobrinodeldiablo\/wp-json\/wp\/v2\/types\/post"}],"author":[{"embeddable":true,"href":"https:\/\/www.laproduktiva.com\/elsobrinodeldiablo\/wp-json\/wp\/v2\/users\/2"}],"replies":[{"embeddable":true,"href":"https:\/\/www.laproduktiva.com\/elsobrinodeldiablo\/wp-json\/wp\/v2\/comments?post=2265"}],"version-history":[{"count":2,"href":"https:\/\/www.laproduktiva.com\/elsobrinodeldiablo\/wp-json\/wp\/v2\/posts\/2265\/revisions"}],"predecessor-version":[{"id":2267,"href":"https:\/\/www.laproduktiva.com\/elsobrinodeldiablo\/wp-json\/wp\/v2\/posts\/2265\/revisions\/2267"}],"wp:attachment":[{"href":"https:\/\/www.laproduktiva.com\/elsobrinodeldiablo\/wp-json\/wp\/v2\/media?parent=2265"}],"wp:term":[{"taxonomy":"category","embeddable":true,"href":"https:\/\/www.laproduktiva.com\/elsobrinodeldiablo\/wp-json\/wp\/v2\/categories?post=2265"},{"taxonomy":"post_tag","embeddable":true,"href":"https:\/\/www.laproduktiva.com\/elsobrinodeldiablo\/wp-json\/wp\/v2\/tags?post=2265"}],"curies":[{"name":"wp","href":"https:\/\/api.w.org\/{rel}","templated":true}]}}